{"id":435,"date":"2022-12-05T13:35:59","date_gmt":"2022-12-05T13:35:59","guid":{"rendered":"http:\/\/www.fischer-sports.ch\/?p=435"},"modified":"2022-12-15T18:22:37","modified_gmt":"2022-12-15T18:22:37","slug":"41-kolibricup-wohlen","status":"publish","type":"post","link":"https:\/\/www.fischer-sports.ch\/?p=435","title":{"rendered":"41. Kolibricup Wohlen"},"content":{"rendered":"\n<figure class=\"wp-block-image size-large\"><img loading=\"lazy\" decoding=\"async\" width=\"683\" height=\"1024\" src=\"http:\/\/www.fischer-sports.ch\/wp-content\/uploads\/2022\/12\/C5C2F75A-1BC5-45B7-A9BC-95A3C75DEA64-683x1024.jpeg\" alt=\"\" class=\"wp-image-436\" srcset=\"https:\/\/www.fischer-sports.ch\/wp-content\/uploads\/2022\/12\/C5C2F75A-1BC5-45B7-A9BC-95A3C75DEA64-683x1024.jpeg 683w, https:\/\/www.fischer-sports.ch\/wp-content\/uploads\/2022\/12\/C5C2F75A-1BC5-45B7-A9BC-95A3C75DEA64-200x300.jpeg 200w, https:\/\/www.fischer-sports.ch\/wp-content\/uploads\/2022\/12\/C5C2F75A-1BC5-45B7-A9BC-95A3C75DEA64-768x1152.jpeg 768w, https:\/\/www.fischer-sports.ch\/wp-content\/uploads\/2022\/12\/C5C2F75A-1BC5-45B7-A9BC-95A3C75DEA64-1024x1536.jpeg 1024w, https:\/\/www.fischer-sports.ch\/wp-content\/uploads\/2022\/12\/C5C2F75A-1BC5-45B7-A9BC-95A3C75DEA64-rotated.jpeg 1280w\" sizes=\"auto, (max-width: 683px) 100vw, 683px\" \/><figcaption class=\"wp-element-caption\">1. Rang <\/figcaption><\/figure>\n\n\n\n<p>Am Samstag, 3. Dezember war Dorian einer der fast 80 Jugendlichen aus 9 Dojo, die nach Wohlen AG angereist sind, und ihr K\u00f6nnen im Kata und im Kumite unter Beweis stellten. Dorian zeigte sich sehr konzentriert, motiviert und ehrgeizig. Nach 2 Kata und 3 K\u00e4mpfen schaffte er es auf den obersten Podestplatz, und durfte somit den Gr\u00f6ssten Pokal \ud83c\udfc6 mit nach Hause zu nehmen! <br><em>S\u00e2mb\u0103t\u0103, 3 decembrie a fost Dorian unul din cei aproape 80 de tineri ce s-au deplasat la Wohlen din 9 cluburi diferite<\/em> <em>\u0219i au ar\u0103tat ceea ce pot. Dorian a fost foarte concentrat, motivat \u0219i competitiv. Dup\u0103 doua Kata \u0219i 3 lupte a re\u0219it s\u0103 urce pe treapta cea mai \u00eenalta a podiumului av\u00e2nd voie sa ia cu el acas\u0103 cupa cea mai mare<\/em>!<\/p>\n\n\n\n<figure class=\"wp-block-image size-large\"><img loading=\"lazy\" decoding=\"async\" width=\"1024\" height=\"576\" src=\"http:\/\/www.fischer-sports.ch\/wp-content\/uploads\/2022\/12\/25EB862E-9976-43B2-A55F-85DFCC0AA3ED-1024x576.jpeg\" alt=\"\" class=\"wp-image-437\" srcset=\"https:\/\/www.fischer-sports.ch\/wp-content\/uploads\/2022\/12\/25EB862E-9976-43B2-A55F-85DFCC0AA3ED-1024x576.jpeg 1024w, https:\/\/www.fischer-sports.ch\/wp-content\/uploads\/2022\/12\/25EB862E-9976-43B2-A55F-85DFCC0AA3ED-300x169.jpeg 300w, https:\/\/www.fischer-sports.ch\/wp-content\/uploads\/2022\/12\/25EB862E-9976-43B2-A55F-85DFCC0AA3ED-768x432.jpeg 768w, https:\/\/www.fischer-sports.ch\/wp-content\/uploads\/2022\/12\/25EB862E-9976-43B2-A55F-85DFCC0AA3ED-1536x864.jpeg 1536w, https:\/\/www.fischer-sports.ch\/wp-content\/uploads\/2022\/12\/25EB862E-9976-43B2-A55F-85DFCC0AA3ED-2048x1152.jpeg 2048w\" sizes=\"auto, (max-width: 1024px) 100vw, 1024px\" \/><\/figure>\n\n\n\n<figure class=\"wp-block-image size-large\"><img loading=\"lazy\" decoding=\"async\" width=\"1024\" height=\"683\" src=\"http:\/\/www.fischer-sports.ch\/wp-content\/uploads\/2022\/12\/CC9338F0-D183-4677-B3CC-4D3EFB7DCABA-1024x683.jpeg\" alt=\"\" class=\"wp-image-438\" srcset=\"https:\/\/www.fischer-sports.ch\/wp-content\/uploads\/2022\/12\/CC9338F0-D183-4677-B3CC-4D3EFB7DCABA-1024x683.jpeg 1024w, https:\/\/www.fischer-sports.ch\/wp-content\/uploads\/2022\/12\/CC9338F0-D183-4677-B3CC-4D3EFB7DCABA-300x200.jpeg 300w, https:\/\/www.fischer-sports.ch\/wp-content\/uploads\/2022\/12\/CC9338F0-D183-4677-B3CC-4D3EFB7DCABA-768x512.jpeg 768w, https:\/\/www.fischer-sports.ch\/wp-content\/uploads\/2022\/12\/CC9338F0-D183-4677-B3CC-4D3EFB7DCABA-1536x1024.jpeg 1536w, https:\/\/www.fischer-sports.ch\/wp-content\/uploads\/2022\/12\/CC9338F0-D183-4677-B3CC-4D3EFB7DCABA.jpeg 1920w\" sizes=\"auto, (max-width: 1024px) 100vw, 1024px\" \/><\/figure>\n\n\n\n<figure class=\"wp-block-image size-large\"><img loading=\"lazy\" decoding=\"async\" width=\"1024\" height=\"683\" src=\"http:\/\/www.fischer-sports.ch\/wp-content\/uploads\/2022\/12\/DB556CB4-45BA-459C-9E22-12384A450DDF-1024x683.jpeg\" alt=\"\" class=\"wp-image-439\" srcset=\"https:\/\/www.fischer-sports.ch\/wp-content\/uploads\/2022\/12\/DB556CB4-45BA-459C-9E22-12384A450DDF-1024x683.jpeg 1024w, https:\/\/www.fischer-sports.ch\/wp-content\/uploads\/2022\/12\/DB556CB4-45BA-459C-9E22-12384A450DDF-300x200.jpeg 300w, https:\/\/www.fischer-sports.ch\/wp-content\/uploads\/2022\/12\/DB556CB4-45BA-459C-9E22-12384A450DDF-768x512.jpeg 768w, https:\/\/www.fischer-sports.ch\/wp-content\/uploads\/2022\/12\/DB556CB4-45BA-459C-9E22-12384A450DDF-1536x1024.jpeg 1536w, https:\/\/www.fischer-sports.ch\/wp-content\/uploads\/2022\/12\/DB556CB4-45BA-459C-9E22-12384A450DDF.jpeg 1920w\" sizes=\"auto, (max-width: 1024px) 100vw, 1024px\" \/><\/figure>\n\n\n\n<ul class=\"wp-block-list\">\n<li>1. Kampf Dorian Weiss, <em>prima lupt\u0103, Dorian aici cu centura alb\u0103<\/em><\/li>\n<\/ul>\n\n\n\n<figure class=\"wp-block-image size-large\"><img loading=\"lazy\" decoding=\"async\" width=\"1024\" height=\"683\" src=\"http:\/\/www.fischer-sports.ch\/wp-content\/uploads\/2022\/12\/E718997D-AB63-45F0-B58F-9CDF101404B1-1024x683.jpeg\" alt=\"\" class=\"wp-image-440\" srcset=\"https:\/\/www.fischer-sports.ch\/wp-content\/uploads\/2022\/12\/E718997D-AB63-45F0-B58F-9CDF101404B1-1024x683.jpeg 1024w, https:\/\/www.fischer-sports.ch\/wp-content\/uploads\/2022\/12\/E718997D-AB63-45F0-B58F-9CDF101404B1-300x200.jpeg 300w, https:\/\/www.fischer-sports.ch\/wp-content\/uploads\/2022\/12\/E718997D-AB63-45F0-B58F-9CDF101404B1-768x512.jpeg 768w, https:\/\/www.fischer-sports.ch\/wp-content\/uploads\/2022\/12\/E718997D-AB63-45F0-B58F-9CDF101404B1-1536x1024.jpeg 1536w, https:\/\/www.fischer-sports.ch\/wp-content\/uploads\/2022\/12\/E718997D-AB63-45F0-B58F-9CDF101404B1.jpeg 1920w\" sizes=\"auto, (max-width: 1024px) 100vw, 1024px\" \/><figcaption class=\"wp-element-caption\">2. Kampf Dorian Weiss, <em>a doua lupt\u0103, Dorian dinnou cu alb<\/em><\/figcaption><\/figure>\n\n\n\n<figure class=\"wp-block-image size-large\"><img loading=\"lazy\" decoding=\"async\" width=\"1024\" height=\"683\" src=\"http:\/\/www.fischer-sports.ch\/wp-content\/uploads\/2022\/12\/277DB93B-F5D0-4F2A-9D3C-84B3CF94F7C8-1024x683.jpeg\" alt=\"\" class=\"wp-image-441\" srcset=\"https:\/\/www.fischer-sports.ch\/wp-content\/uploads\/2022\/12\/277DB93B-F5D0-4F2A-9D3C-84B3CF94F7C8-1024x683.jpeg 1024w, https:\/\/www.fischer-sports.ch\/wp-content\/uploads\/2022\/12\/277DB93B-F5D0-4F2A-9D3C-84B3CF94F7C8-300x200.jpeg 300w, https:\/\/www.fischer-sports.ch\/wp-content\/uploads\/2022\/12\/277DB93B-F5D0-4F2A-9D3C-84B3CF94F7C8-768x512.jpeg 768w, https:\/\/www.fischer-sports.ch\/wp-content\/uploads\/2022\/12\/277DB93B-F5D0-4F2A-9D3C-84B3CF94F7C8-1536x1024.jpeg 1536w, https:\/\/www.fischer-sports.ch\/wp-content\/uploads\/2022\/12\/277DB93B-F5D0-4F2A-9D3C-84B3CF94F7C8.jpeg 1920w\" sizes=\"auto, (max-width: 1024px) 100vw, 1024px\" \/><\/figure>\n\n\n\n<ul class=\"wp-block-list\">\n<li>3. Kampf Dorian Rot vorne mit gelbem Gurt<em>, a 3-a lupt\u0103, Dorian aici cu centura galben\u0103<\/em><\/li>\n<\/ul>\n\n\n\n<figure class=\"wp-block-image size-large\"><img loading=\"lazy\" decoding=\"async\" width=\"1024\" height=\"683\" src=\"http:\/\/www.fischer-sports.ch\/wp-content\/uploads\/2022\/12\/C5D4B91B-2037-4616-B7BB-6234D9615236-1024x683.jpeg\" alt=\"\" class=\"wp-image-442\" srcset=\"https:\/\/www.fischer-sports.ch\/wp-content\/uploads\/2022\/12\/C5D4B91B-2037-4616-B7BB-6234D9615236-1024x683.jpeg 1024w, https:\/\/www.fischer-sports.ch\/wp-content\/uploads\/2022\/12\/C5D4B91B-2037-4616-B7BB-6234D9615236-300x200.jpeg 300w, https:\/\/www.fischer-sports.ch\/wp-content\/uploads\/2022\/12\/C5D4B91B-2037-4616-B7BB-6234D9615236-768x512.jpeg 768w, https:\/\/www.fischer-sports.ch\/wp-content\/uploads\/2022\/12\/C5D4B91B-2037-4616-B7BB-6234D9615236-1536x1024.jpeg 1536w, https:\/\/www.fischer-sports.ch\/wp-content\/uploads\/2022\/12\/C5D4B91B-2037-4616-B7BB-6234D9615236.jpeg 1920w\" sizes=\"auto, (max-width: 1024px) 100vw, 1024px\" \/><\/figure>\n\n\n\n<figure class=\"wp-block-image size-large is-resized\"><img loading=\"lazy\" decoding=\"async\" src=\"http:\/\/www.fischer-sports.ch\/wp-content\/uploads\/2022\/12\/AC3269CE-FA95-4FD8-9755-BF300FCCCA6E-1024x683.jpeg\" alt=\"\" class=\"wp-image-443\" width=\"372\" height=\"247\" srcset=\"https:\/\/www.fischer-sports.ch\/wp-content\/uploads\/2022\/12\/AC3269CE-FA95-4FD8-9755-BF300FCCCA6E-1024x683.jpeg 1024w, https:\/\/www.fischer-sports.ch\/wp-content\/uploads\/2022\/12\/AC3269CE-FA95-4FD8-9755-BF300FCCCA6E-300x200.jpeg 300w, https:\/\/www.fischer-sports.ch\/wp-content\/uploads\/2022\/12\/AC3269CE-FA95-4FD8-9755-BF300FCCCA6E-768x512.jpeg 768w, https:\/\/www.fischer-sports.ch\/wp-content\/uploads\/2022\/12\/AC3269CE-FA95-4FD8-9755-BF300FCCCA6E-1536x1024.jpeg 1536w, https:\/\/www.fischer-sports.ch\/wp-content\/uploads\/2022\/12\/AC3269CE-FA95-4FD8-9755-BF300FCCCA6E.jpeg 1920w\" sizes=\"auto, (max-width: 372px) 100vw, 372px\" \/><\/figure>\n\n\n\n<ul class=\"wp-block-list\">\n<li>Alle Teilnehmer, <em>to\u021bi participan\u021bii<\/em><\/li>\n<\/ul>\n\n\n\n<figure class=\"wp-block-image size-large\"><img loading=\"lazy\" decoding=\"async\" width=\"1024\" height=\"683\" src=\"http:\/\/www.fischer-sports.ch\/wp-content\/uploads\/2022\/12\/730BBE38-8811-4A07-A991-292505622CA5-1024x683.jpeg\" alt=\"\" class=\"wp-image-444\" srcset=\"https:\/\/www.fischer-sports.ch\/wp-content\/uploads\/2022\/12\/730BBE38-8811-4A07-A991-292505622CA5-1024x683.jpeg 1024w, https:\/\/www.fischer-sports.ch\/wp-content\/uploads\/2022\/12\/730BBE38-8811-4A07-A991-292505622CA5-300x200.jpeg 300w, https:\/\/www.fischer-sports.ch\/wp-content\/uploads\/2022\/12\/730BBE38-8811-4A07-A991-292505622CA5-768x512.jpeg 768w, https:\/\/www.fischer-sports.ch\/wp-content\/uploads\/2022\/12\/730BBE38-8811-4A07-A991-292505622CA5-1536x1024.jpeg 1536w, https:\/\/www.fischer-sports.ch\/wp-content\/uploads\/2022\/12\/730BBE38-8811-4A07-A991-292505622CA5.jpeg 1920w\" sizes=\"auto, (max-width: 1024px) 100vw, 1024px\" \/><\/figure>\n\n\n\n<ul class=\"wp-block-list\">\n<li>Das Churer Team<em>, participan\u021bii din Chur<\/em><\/li>\n<\/ul>\n","protected":false},"excerpt":{"rendered":"<p>Am Samstag, 3. Dezember war Dorian einer der fast 80 Jugendlichen aus 9 Dojo, die [&hellip;]<\/p>\n","protected":false},"author":2,"featured_media":0,"comment_status":"closed","ping_status":"","sticky":false,"template":"","format":"standard","meta":{"footnotes":""},"categories":[8],"tags":[],"class_list":["post-435","post","type-post","status-publish","format-standard","hentry","category-karate"],"_links":{"self":[{"href":"https:\/\/www.fischer-sports.ch\/index.php?rest_route=\/wp\/v2\/posts\/435","targetHints":{"allow":["GET"]}}],"collection":[{"href":"https:\/\/www.fischer-sports.ch\/index.php?rest_route=\/wp\/v2\/posts"}],"about":[{"href":"https:\/\/www.fischer-sports.ch\/index.php?rest_route=\/wp\/v2\/types\/post"}],"author":[{"embeddable":true,"href":"https:\/\/www.fischer-sports.ch\/index.php?rest_route=\/wp\/v2\/users\/2"}],"replies":[{"embeddable":true,"href":"https:\/\/www.fischer-sports.ch\/index.php?rest_route=%2Fwp%2Fv2%2Fcomments&post=435"}],"version-history":[{"count":5,"href":"https:\/\/www.fischer-sports.ch\/index.php?rest_route=\/wp\/v2\/posts\/435\/revisions"}],"predecessor-version":[{"id":468,"href":"https:\/\/www.fischer-sports.ch\/index.php?rest_route=\/wp\/v2\/posts\/435\/revisions\/468"}],"wp:attachment":[{"href":"https:\/\/www.fischer-sports.ch\/index.php?rest_route=%2Fwp%2Fv2%2Fmedia&parent=435"}],"wp:term":[{"taxonomy":"category","embeddable":true,"href":"https:\/\/www.fischer-sports.ch\/index.php?rest_route=%2Fwp%2Fv2%2Fcategories&post=435"},{"taxonomy":"post_tag","embeddable":true,"href":"https:\/\/www.fischer-sports.ch\/index.php?rest_route=%2Fwp%2Fv2%2Ftags&post=435"}],"curies":[{"name":"wp","href":"https:\/\/api.w.org\/{rel}","templated":true}]}}