{"id":498,"date":"2023-09-19T07:49:00","date_gmt":"2023-09-19T07:49:00","guid":{"rendered":"http:\/\/www.fischer-sports.ch\/?p=498"},"modified":"2025-03-19T07:50:28","modified_gmt":"2025-03-19T07:50:28","slug":"sommerferien-2023","status":"publish","type":"post","link":"https:\/\/www.fischer-sports.ch\/?p=498","title":{"rendered":"Sommerferien 2023"},"content":{"rendered":"\n<p>Unsere Reise f\u00fchrte uns dieses Jahr via Berg\u00fcn \u00fcber den Albulapass,  weiter nach Zernez, und \u00fcber den Ofenpass bis St. Maria in Val M\u00fcstair <\/p>\n\n\n\n<div class=\"wp-block-cover\"><span aria-hidden=\"true\" class=\"wp-block-cover__background has-background-dim\"><\/span><img loading=\"lazy\" decoding=\"async\" width=\"1024\" height=\"576\" class=\"wp-block-cover__image-background wp-image-524\" alt=\"\" src=\"http:\/\/www.fischer-sports.ch\/wp-content\/uploads\/2023\/09\/IMG_9149-1024x576.jpeg\" data-object-fit=\"cover\" srcset=\"https:\/\/www.fischer-sports.ch\/wp-content\/uploads\/2023\/09\/IMG_9149-1024x576.jpeg 1024w, https:\/\/www.fischer-sports.ch\/wp-content\/uploads\/2023\/09\/IMG_9149-300x169.jpeg 300w, https:\/\/www.fischer-sports.ch\/wp-content\/uploads\/2023\/09\/IMG_9149-768x432.jpeg 768w, https:\/\/www.fischer-sports.ch\/wp-content\/uploads\/2023\/09\/IMG_9149-1536x864.jpeg 1536w, https:\/\/www.fischer-sports.ch\/wp-content\/uploads\/2023\/09\/IMG_9149-2048x1152.jpeg 2048w\" sizes=\"auto, (max-width: 1024px) 100vw, 1024px\" \/><div class=\"wp-block-cover__inner-container is-layout-flow wp-block-cover-is-layout-flow\">\n<p class=\"has-text-align-center has-large-font-size\">Albulapass<\/p>\n<\/div><\/div>\n\n\n\n<figure class=\"wp-block-image size-large\"><img loading=\"lazy\" decoding=\"async\" width=\"1024\" height=\"576\" src=\"http:\/\/www.fischer-sports.ch\/wp-content\/uploads\/2023\/09\/IMG_9153-1024x576.jpeg\" alt=\"\" class=\"wp-image-525\" srcset=\"https:\/\/www.fischer-sports.ch\/wp-content\/uploads\/2023\/09\/IMG_9153-1024x576.jpeg 1024w, https:\/\/www.fischer-sports.ch\/wp-content\/uploads\/2023\/09\/IMG_9153-300x169.jpeg 300w, https:\/\/www.fischer-sports.ch\/wp-content\/uploads\/2023\/09\/IMG_9153-768x432.jpeg 768w, https:\/\/www.fischer-sports.ch\/wp-content\/uploads\/2023\/09\/IMG_9153-1536x864.jpeg 1536w, https:\/\/www.fischer-sports.ch\/wp-content\/uploads\/2023\/09\/IMG_9153-2048x1152.jpeg 2048w\" sizes=\"auto, (max-width: 1024px) 100vw, 1024px\" \/><\/figure>\n\n\n\n<figure class=\"wp-block-image size-large\"><img loading=\"lazy\" decoding=\"async\" width=\"859\" height=\"1024\" src=\"http:\/\/www.fischer-sports.ch\/wp-content\/uploads\/2023\/09\/IMG_9157-859x1024.jpeg\" alt=\"\" class=\"wp-image-530\" srcset=\"https:\/\/www.fischer-sports.ch\/wp-content\/uploads\/2023\/09\/IMG_9157-859x1024.jpeg 859w, https:\/\/www.fischer-sports.ch\/wp-content\/uploads\/2023\/09\/IMG_9157-252x300.jpeg 252w, https:\/\/www.fischer-sports.ch\/wp-content\/uploads\/2023\/09\/IMG_9157-768x916.jpeg 768w, https:\/\/www.fischer-sports.ch\/wp-content\/uploads\/2023\/09\/IMG_9157-1288x1536.jpeg 1288w, https:\/\/www.fischer-sports.ch\/wp-content\/uploads\/2023\/09\/IMG_9157-1718x2048.jpeg 1718w\" sizes=\"auto, (max-width: 859px) 100vw, 859px\" \/><\/figure>\n\n\n\n<figure class=\"wp-block-image size-large\"><img loading=\"lazy\" decoding=\"async\" width=\"576\" height=\"1024\" src=\"http:\/\/www.fischer-sports.ch\/wp-content\/uploads\/2023\/09\/IMG_9159-576x1024.jpeg\" alt=\"\" class=\"wp-image-529\" srcset=\"https:\/\/www.fischer-sports.ch\/wp-content\/uploads\/2023\/09\/IMG_9159-576x1024.jpeg 576w, https:\/\/www.fischer-sports.ch\/wp-content\/uploads\/2023\/09\/IMG_9159-169x300.jpeg 169w, https:\/\/www.fischer-sports.ch\/wp-content\/uploads\/2023\/09\/IMG_9159-768x1365.jpeg 768w, https:\/\/www.fischer-sports.ch\/wp-content\/uploads\/2023\/09\/IMG_9159-864x1536.jpeg 864w, https:\/\/www.fischer-sports.ch\/wp-content\/uploads\/2023\/09\/IMG_9159-1152x2048.jpeg 1152w, https:\/\/www.fischer-sports.ch\/wp-content\/uploads\/2023\/09\/IMG_9159-scaled.jpeg 1440w\" sizes=\"auto, (max-width: 576px) 100vw, 576px\" \/><\/figure>\n\n\n\n<p><br><br>Die erste \u00dcbernachtung war im sch\u00f6nen Meran. Der Campingplatz war genau so sch\u00f6n wie erwartet, sch\u00f6ne Aussicht und mit Dach-Pool. <br><\/p>\n\n\n\n<figure class=\"wp-block-gallery has-nested-images columns-default is-cropped wp-block-gallery-1 is-layout-flex wp-block-gallery-is-layout-flex\"><\/figure>\n\n\n\n<p>N\u00e4chsten Tag fuhren wir weiter richtung Bozen, und \u00fcber passo San Pellegrino, vorbei am Lago di Santa Croce bis nach Kroatien auf die Insel Krk. <\/p>\n\n\n\n<p>Unser Campingplatz in Kroatien, direkt am Meer mit sch\u00f6nen Sonnenunterg\u00e4ngen und Nachtschwimmen.<\/p>\n\n\n\n<p>Nach drei sch\u00f6nen Tagen in Kroatien setzten wir unsere Fahrt in Richtung Rum\u00e4nien fort. Bei unserer Ankunft in Rum\u00e4nien beginnen wir auch gleich wieder mit dem Training, da es selbst w\u00e4hrend der Ferien wichtig ist, die Kondition zu halten. F\u00fcr jeden ist etwas dabei: Fussbaltranig mit der M\u00e4dchenmannschaft von Sibiu, Karate-Training beim IFK-Sibiu, Joggen im Subarini Park und gem\u00fctliches Velofahren. <\/p>\n\n\n\n<p>Wir hatten die Gelegenheit, mit netten Leuten eine tolle Wanderung durch die Schlucht R\u0103me\u021b zu machen und dabei die rum\u00e4nischen Karpaten zu erkunden. Wir gingen ohne grosse Vorbereitung \u00fcber Stock und Stein dem Fluss entlang und versuchten, trocken zu bleiben. Es blieb jedoch nur beim Versuch, denn es war nicht gelungen, da wir in der Schlucht immer wieder die Seite wechseln und somit das Wasser \u00fcberqueren mussten. Vor dem R\u00fcckweg hielten wir in dem verlassenen Dorf zum Picknick und zu einem kalten Getr\u00e4nk.<\/p>\n\n\n\n<p><\/p>\n","protected":false},"excerpt":{"rendered":"<p>Unsere Reise f\u00fchrte uns dieses Jahr via Berg\u00fcn \u00fcber den Albulapass, weiter nach Zernez, und [&hellip;]<\/p>\n","protected":false},"author":2,"featured_media":0,"comment_status":"closed","ping_status":"","sticky":false,"template":"","format":"standard","meta":{"footnotes":""},"categories":[4],"tags":[],"class_list":["post-498","post","type-post","status-publish","format-standard","hentry","category-reisen"],"_links":{"self":[{"href":"https:\/\/www.fischer-sports.ch\/index.php?rest_route=\/wp\/v2\/posts\/498","targetHints":{"allow":["GET"]}}],"collection":[{"href":"https:\/\/www.fischer-sports.ch\/index.php?rest_route=\/wp\/v2\/posts"}],"about":[{"href":"https:\/\/www.fischer-sports.ch\/index.php?rest_route=\/wp\/v2\/types\/post"}],"author":[{"embeddable":true,"href":"https:\/\/www.fischer-sports.ch\/index.php?rest_route=\/wp\/v2\/users\/2"}],"replies":[{"embeddable":true,"href":"https:\/\/www.fischer-sports.ch\/index.php?rest_route=%2Fwp%2Fv2%2Fcomments&post=498"}],"version-history":[{"count":12,"href":"https:\/\/www.fischer-sports.ch\/index.php?rest_route=\/wp\/v2\/posts\/498\/revisions"}],"predecessor-version":[{"id":645,"href":"https:\/\/www.fischer-sports.ch\/index.php?rest_route=\/wp\/v2\/posts\/498\/revisions\/645"}],"wp:attachment":[{"href":"https:\/\/www.fischer-sports.ch\/index.php?rest_route=%2Fwp%2Fv2%2Fmedia&parent=498"}],"wp:term":[{"taxonomy":"category","embeddable":true,"href":"https:\/\/www.fischer-sports.ch\/index.php?rest_route=%2Fwp%2Fv2%2Fcategories&post=498"},{"taxonomy":"post_tag","embeddable":true,"href":"https:\/\/www.fischer-sports.ch\/index.php?rest_route=%2Fwp%2Fv2%2Ftags&post=498"}],"curies":[{"name":"wp","href":"https:\/\/api.w.org\/{rel}","templated":true}]}}