{"id":518,"date":"2023-09-21T18:59:34","date_gmt":"2023-09-21T18:59:34","guid":{"rendered":"http:\/\/www.fischer-sports.ch\/?p=518"},"modified":"2023-09-21T18:59:34","modified_gmt":"2023-09-21T18:59:34","slug":"12-bikeschueeli","status":"publish","type":"post","link":"https:\/\/www.fischer-sports.ch\/?p=518","title":{"rendered":"12. Bikesch\u00fceli"},"content":{"rendered":"\n<p>Heute zeigt sich Dorian bei seinem ersten Bikerennen etwas nachdenklich, und doch konzentriert. Nach der Rennbesichtigung kann er noch einmal die Strecke analysieren, und sich daf\u00fcr vorbereiten. <br>Die Konkurrenz zeigt sich stark, es sind nicht einfach Sch\u00fcler die Spass am Velofahren haben, sonder viele begeisterte Rennfahrer aus verschiedenen Veloclubs von Graub\u00fcnden voll ausger\u00fcstet mit top Velos. <\/p>\n\n\n\n<p>Dorian bekommt schon ein murmeliges Gef\u00fchl, l\u00e4sst sich aber nicht erschrecken, und gibt alles was er kann. <\/p>\n\n\n\n<p>Es zeigt ein starkes Rennen, Dorian wird \u00fcberrundet, und landet auf dem letztem Platz. Schon frustrierend f\u00fcr seine erstes Rennen. <\/p>\n\n\n\n<p>F\u00fcr n\u00e4chstes Jahr hoffen wir auf ein besseres Velo, und mit mehr Trainings soll es auch f\u00fcr ihn mehr Spass machen. <br>Daf\u00fcr hat  er neue Erfahrungen gesammelt, und einen sch\u00f6nen Tag im Freien verbracht. <\/p>\n\n\n\n<figure class=\"wp-block-image size-large\"><img loading=\"lazy\" decoding=\"async\" width=\"1024\" height=\"768\" src=\"http:\/\/www.fischer-sports.ch\/wp-content\/uploads\/2023\/09\/IMG_0891-edited-1024x768.jpeg\" alt=\"\" class=\"wp-image-569\" srcset=\"https:\/\/www.fischer-sports.ch\/wp-content\/uploads\/2023\/09\/IMG_0891-edited-1024x768.jpeg 1024w, https:\/\/www.fischer-sports.ch\/wp-content\/uploads\/2023\/09\/IMG_0891-edited-300x225.jpeg 300w, https:\/\/www.fischer-sports.ch\/wp-content\/uploads\/2023\/09\/IMG_0891-edited-768x576.jpeg 768w, https:\/\/www.fischer-sports.ch\/wp-content\/uploads\/2023\/09\/IMG_0891-edited-1536x1152.jpeg 1536w, https:\/\/www.fischer-sports.ch\/wp-content\/uploads\/2023\/09\/IMG_0891-edited-2048x1536.jpeg 2048w\" sizes=\"auto, (max-width: 1024px) 100vw, 1024px\" \/><\/figure>\n","protected":false},"excerpt":{"rendered":"<p>Heute zeigt sich Dorian bei seinem ersten Bikerennen etwas nachdenklich, und doch konzentriert. Nach der [&hellip;]<\/p>\n","protected":false},"author":2,"featured_media":0,"comment_status":"closed","ping_status":"","sticky":false,"template":"","format":"standard","meta":{"footnotes":""},"categories":[10],"tags":[],"class_list":["post-518","post","type-post","status-publish","format-standard","hentry","category-mountainbike"],"_links":{"self":[{"href":"https:\/\/www.fischer-sports.ch\/index.php?rest_route=\/wp\/v2\/posts\/518","targetHints":{"allow":["GET"]}}],"collection":[{"href":"https:\/\/www.fischer-sports.ch\/index.php?rest_route=\/wp\/v2\/posts"}],"about":[{"href":"https:\/\/www.fischer-sports.ch\/index.php?rest_route=\/wp\/v2\/types\/post"}],"author":[{"embeddable":true,"href":"https:\/\/www.fischer-sports.ch\/index.php?rest_route=\/wp\/v2\/users\/2"}],"replies":[{"embeddable":true,"href":"https:\/\/www.fischer-sports.ch\/index.php?rest_route=%2Fwp%2Fv2%2Fcomments&post=518"}],"version-history":[{"count":19,"href":"https:\/\/www.fischer-sports.ch\/index.php?rest_route=\/wp\/v2\/posts\/518\/revisions"}],"predecessor-version":[{"id":576,"href":"https:\/\/www.fischer-sports.ch\/index.php?rest_route=\/wp\/v2\/posts\/518\/revisions\/576"}],"wp:attachment":[{"href":"https:\/\/www.fischer-sports.ch\/index.php?rest_route=%2Fwp%2Fv2%2Fmedia&parent=518"}],"wp:term":[{"taxonomy":"category","embeddable":true,"href":"https:\/\/www.fischer-sports.ch\/index.php?rest_route=%2Fwp%2Fv2%2Fcategories&post=518"},{"taxonomy":"post_tag","embeddable":true,"href":"https:\/\/www.fischer-sports.ch\/index.php?rest_route=%2Fwp%2Fv2%2Ftags&post=518"}],"curies":[{"name":"wp","href":"https:\/\/api.w.org\/{rel}","templated":true}]}}